{"id":2177,"date":"2020-10-19T21:37:49","date_gmt":"2020-10-19T19:37:49","guid":{"rendered":"https:\/\/balletopera.com\/?p=2177"},"modified":"2020-10-26T19:57:46","modified_gmt":"2020-10-26T18:57:46","slug":"dia-internacional-dels-museus-2020","status":"publish","type":"post","link":"https:\/\/balletopera.com\/index.php\/ca\/2020\/10\/19\/dia-internacional-dels-museus-2020\/","title":{"rendered":"Dia Internacional dels Museus 2020"},"content":{"rendered":"\t\t<div data-elementor-type=\"wp-post\" data-elementor-id=\"2177\" class=\"elementor elementor-2177\">\n\t\t\t\t\t\t<section class=\"elementor-section elementor-top-section elementor-element elementor-element-51c6ad47 elementor-section-boxed elementor-section-height-default elementor-section-height-default\" data-id=\"51c6ad47\" data-element_type=\"section\" data-e-type=\"section\">\n\t\t\t\t\t\t<div class=\"elementor-container elementor-column-gap-default\">\n\t\t\t\t\t<div class=\"elementor-column elementor-col-100 elementor-top-column elementor-element elementor-element-56cb53fa\" data-id=\"56cb53fa\" data-element_type=\"column\" data-e-type=\"column\">\n\t\t\t<div class=\"elementor-widget-wrap elementor-element-populated\">\n\t\t\t\t\t\t<div class=\"elementor-element elementor-element-84c4536 elementor-widget elementor-widget-text-editor\" data-id=\"84c4536\" data-element_type=\"widget\" data-e-type=\"widget\" data-widget_type=\"text-editor.default\">\n\t\t\t\t<div class=\"elementor-widget-container\">\n\t\t\t\t\t\t\t\t\t<p style=\"text-align: right;\"><span style=\"vertical-align: inherit;\"><span style=\"vertical-align: inherit;\"><span style=\"vertical-align: inherit;\"><span style=\"vertical-align: inherit;\">18-05-2020<\/span><\/span><\/span><\/span><\/p>\t\t\t\t\t\t\t\t<\/div>\n\t\t\t\t<\/div>\n\t\t\t\t<div class=\"elementor-element elementor-element-494cedb elementor-widget elementor-widget-heading\" data-id=\"494cedb\" data-element_type=\"widget\" data-e-type=\"widget\" data-widget_type=\"heading.default\">\n\t\t\t\t<div class=\"elementor-widget-container\">\n\t\t\t\t\t<h2 class=\"elementor-heading-title elementor-size-default\">DIA INTERNACIONAL DELS MUSEUS 2020\n<\/h2>\t\t\t\t<\/div>\n\t\t\t\t<\/div>\n\t\t\t\t<div class=\"elementor-element elementor-element-f780434 elementor-widget elementor-widget-text-editor\" data-id=\"f780434\" data-element_type=\"widget\" data-e-type=\"widget\" data-widget_type=\"text-editor.default\">\n\t\t\t\t<div class=\"elementor-widget-container\">\n\t\t\t\t\t\t\t\t\t<p style=\"text-align: left;\">Mitjan\u00e7ant aquest audiovisual patrocinat per l&#8217;Ajuntament d&#8217;Ontinyent, l&#8217;Associaci\u00f3 Cultural Dansa \u00d2pera , es va donar a con\u00e9ixer part del nostre preuat patrimoni.<\/p>\t\t\t\t\t\t\t\t<\/div>\n\t\t\t\t<\/div>\n\t\t\t\t<div class=\"elementor-element elementor-element-4c2aad1 elementor-widget elementor-widget-video\" data-id=\"4c2aad1\" data-element_type=\"widget\" data-e-type=\"widget\" data-settings=\"{&quot;youtube_url&quot;:&quot; https:\\\/\\\/www.youtube.com\\\/watch?v=hLboQGYtHFo&amp;ab_channel=BALLET%C3%93PERAOntinyent&quot;,&quot;video_type&quot;:&quot;youtube&quot;,&quot;controls&quot;:&quot;yes&quot;}\" data-widget_type=\"video.default\">\n\t\t\t\t<div class=\"elementor-widget-container\">\n\t\t\t\t\t\t\t<div class=\"elementor-wrapper elementor-open-inline\">\n\t\t\t<div class=\"elementor-video\"><\/div>\t\t<\/div>\n\t\t\t\t\t\t<\/div>\n\t\t\t\t<\/div>\n\t\t\t\t\t<\/div>\n\t\t<\/div>\n\t\t\t\t\t<\/div>\n\t\t<\/section>\n\t\t\t\t<section class=\"elementor-section elementor-top-section elementor-element elementor-element-3bb0333 elementor-section-boxed elementor-section-height-default elementor-section-height-default\" data-id=\"3bb0333\" data-element_type=\"section\" data-e-type=\"section\">\n\t\t\t\t\t\t<div class=\"elementor-container elementor-column-gap-default\">\n\t\t\t\t\t<div class=\"elementor-column elementor-col-100 elementor-top-column elementor-element elementor-element-9b96def\" data-id=\"9b96def\" data-element_type=\"column\" data-e-type=\"column\">\n\t\t\t<div class=\"elementor-widget-wrap elementor-element-populated\">\n\t\t\t\t\t\t<section class=\"elementor-section elementor-inner-section elementor-element elementor-element-37dbb91 elementor-section-boxed elementor-section-height-default elementor-section-height-default\" data-id=\"37dbb91\" data-element_type=\"section\" data-e-type=\"section\">\n\t\t\t\t\t\t<div class=\"elementor-container elementor-column-gap-default\">\n\t\t\t\t\t<div class=\"elementor-column elementor-col-50 elementor-inner-column elementor-element elementor-element-210ac31\" data-id=\"210ac31\" data-element_type=\"column\" data-e-type=\"column\">\n\t\t\t<div class=\"elementor-widget-wrap elementor-element-populated\">\n\t\t\t\t\t\t<div class=\"elementor-element elementor-element-1c66db7 elementor-widget elementor-widget-image\" data-id=\"1c66db7\" data-element_type=\"widget\" data-e-type=\"widget\" data-widget_type=\"image.default\">\n\t\t\t\t<div class=\"elementor-widget-container\">\n\t\t\t\t\t\t\t\t\t\t\t\t\t\t\t<img fetchpriority=\"high\" decoding=\"async\" width=\"1024\" height=\"576\" src=\"https:\/\/balletopera.com\/wp-content\/uploads\/2020\/07\/Dia-interncional-de-los-museos-20-1024x576.png\" class=\"attachment-large size-large wp-image-1030\" alt=\"\" srcset=\"https:\/\/balletopera.com\/wp-content\/uploads\/2020\/07\/Dia-interncional-de-los-museos-20-1024x576.png 1024w, https:\/\/balletopera.com\/wp-content\/uploads\/2020\/07\/Dia-interncional-de-los-museos-20-300x169.png 300w, https:\/\/balletopera.com\/wp-content\/uploads\/2020\/07\/Dia-interncional-de-los-museos-20-768x432.png 768w, https:\/\/balletopera.com\/wp-content\/uploads\/2020\/07\/Dia-interncional-de-los-museos-20-1536x864.png 1536w, https:\/\/balletopera.com\/wp-content\/uploads\/2020\/07\/Dia-interncional-de-los-museos-20.png 1920w\" sizes=\"(max-width: 1024px) 100vw, 1024px\" \/>\t\t\t\t\t\t\t\t\t\t\t\t\t\t\t<\/div>\n\t\t\t\t<\/div>\n\t\t\t\t\t<\/div>\n\t\t<\/div>\n\t\t\t\t<div class=\"elementor-column elementor-col-50 elementor-inner-column elementor-element elementor-element-98d2664\" data-id=\"98d2664\" data-element_type=\"column\" data-e-type=\"column\">\n\t\t\t<div class=\"elementor-widget-wrap elementor-element-populated\">\n\t\t\t\t\t\t<div class=\"elementor-element elementor-element-ccde1bd elementor-widget elementor-widget-image\" data-id=\"ccde1bd\" data-element_type=\"widget\" data-e-type=\"widget\" data-widget_type=\"image.default\">\n\t\t\t\t<div class=\"elementor-widget-container\">\n\t\t\t\t\t\t\t\t\t\t\t\t\t\t\t<img decoding=\"async\" width=\"1024\" height=\"576\" src=\"https:\/\/balletopera.com\/wp-content\/uploads\/2020\/07\/Dia-Internacional-de-los-museos-20-1024x576.png\" class=\"attachment-large size-large wp-image-1033\" alt=\"\" srcset=\"https:\/\/balletopera.com\/wp-content\/uploads\/2020\/07\/Dia-Internacional-de-los-museos-20-1024x576.png 1024w, https:\/\/balletopera.com\/wp-content\/uploads\/2020\/07\/Dia-Internacional-de-los-museos-20-300x169.png 300w, https:\/\/balletopera.com\/wp-content\/uploads\/2020\/07\/Dia-Internacional-de-los-museos-20-768x432.png 768w, https:\/\/balletopera.com\/wp-content\/uploads\/2020\/07\/Dia-Internacional-de-los-museos-20-1536x864.png 1536w, https:\/\/balletopera.com\/wp-content\/uploads\/2020\/07\/Dia-Internacional-de-los-museos-20.png 1920w\" sizes=\"(max-width: 1024px) 100vw, 1024px\" \/>\t\t\t\t\t\t\t\t\t\t\t\t\t\t\t<\/div>\n\t\t\t\t<\/div>\n\t\t\t\t\t<\/div>\n\t\t<\/div>\n\t\t\t\t\t<\/div>\n\t\t<\/section>\n\t\t\t\t\t<\/div>\n\t\t<\/div>\n\t\t\t\t\t<\/div>\n\t\t<\/section>\n\t\t\t\t<\/div>\n\t\t","protected":false},"excerpt":{"rendered":"<p>18-05-2020 DIA INTERNACIONAL DELS MUSEUS 2020 Mitjan\u00e7ant aquest audiovisual patrocinat per l&#8217;Ajuntament d&#8217;Ontinyent, l&#8217;Associaci\u00f3 Cultural Dansa \u00d2pera , es va donar a con\u00e9ixer part del nostre preuat patrimoni. https:\/\/www.youtube.com\/watch?v=hLboQGYtHFo&#038;ab_channel=BALLET%C3%93PERAOntinyent<\/p>\n","protected":false},"author":2,"featured_media":0,"comment_status":"closed","ping_status":"closed","sticky":false,"template":"","format":"standard","meta":{"_joinchat":[],"footnotes":""},"categories":[27],"tags":[],"class_list":["post-2177","post","type-post","status-publish","format-standard","hentry","category-associacio_cultural","masonry-post","generate-columns","tablet-grid-50","mobile-grid-100","grid-parent","grid-50"],"_links":{"self":[{"href":"https:\/\/balletopera.com\/index.php\/wp-json\/wp\/v2\/posts\/2177","targetHints":{"allow":["GET"]}}],"collection":[{"href":"https:\/\/balletopera.com\/index.php\/wp-json\/wp\/v2\/posts"}],"about":[{"href":"https:\/\/balletopera.com\/index.php\/wp-json\/wp\/v2\/types\/post"}],"author":[{"embeddable":true,"href":"https:\/\/balletopera.com\/index.php\/wp-json\/wp\/v2\/users\/2"}],"replies":[{"embeddable":true,"href":"https:\/\/balletopera.com\/index.php\/wp-json\/wp\/v2\/comments?post=2177"}],"version-history":[{"count":20,"href":"https:\/\/balletopera.com\/index.php\/wp-json\/wp\/v2\/posts\/2177\/revisions"}],"predecessor-version":[{"id":2322,"href":"https:\/\/balletopera.com\/index.php\/wp-json\/wp\/v2\/posts\/2177\/revisions\/2322"}],"wp:attachment":[{"href":"https:\/\/balletopera.com\/index.php\/wp-json\/wp\/v2\/media?parent=2177"}],"wp:term":[{"taxonomy":"category","embeddable":true,"href":"https:\/\/balletopera.com\/index.php\/wp-json\/wp\/v2\/categories?post=2177"},{"taxonomy":"post_tag","embeddable":true,"href":"https:\/\/balletopera.com\/index.php\/wp-json\/wp\/v2\/tags?post=2177"}],"curies":[{"name":"wp","href":"https:\/\/api.w.org\/{rel}","templated":true}]}}